{"id":1044,"date":"2025-05-07T11:11:51","date_gmt":"2025-05-07T09:11:51","guid":{"rendered":"https:\/\/loyalbusinessconsulting.com\/quimplique-ladhesion-dandorre-au-marche-communautaire-et-a-laccord-europeen\/"},"modified":"2025-05-07T11:11:51","modified_gmt":"2025-05-07T09:11:51","slug":"quimplique-ladhesion-dandorre-au-marche-communautaire-et-a-laccord-europeen","status":"publish","type":"post","link":"https:\/\/loyalbusinessconsulting.com\/fr\/quimplique-ladhesion-dandorre-au-marche-communautaire-et-a-laccord-europeen\/","title":{"rendered":"Qu&rsquo;implique l&rsquo;adh\u00e9sion d&rsquo;Andorre au march\u00e9 communautaire et \u00e0 l&rsquo;accord europ\u00e9en ?"},"content":{"rendered":"<p>L&rsquo;accord d&rsquo;association entre l&rsquo;Andorre et l&rsquo;Union europ\u00e9enne (UE) est un trait\u00e9 qui promet un changement de paradigme pour la Principaut\u00e9 : elle entrerait dans une union commerciale avec l&rsquo;UE, ce qui impliquerait la libre circulation des biens, des personnes, des services et des capitaux. En contrepartie, l&rsquo;Andorre devrait adopter diverses r\u00e9glementations europ\u00e9ennes dans diff\u00e9rents secteurs : 25 annexes au total ! Pour certains, cet accord est d&rsquo;une telle port\u00e9e qu&rsquo;ils le comparent \u00e0 la cr\u00e9ation m\u00eame de l&rsquo;\u00c9tat andorran.  <\/p>\n<p><!--more--><\/p>\n<p>Le gouvernement andorran voit dans ce partenariat une occasion unique de diversifier une \u00e9conomie fortement ax\u00e9e sur le tourisme et le commerce. Sans harmonisation des lois andorranes avec les lois europ\u00e9ennes, l&rsquo;\u00e9conomie aurait du mal \u00e0 se d\u00e9velopper et \u00e0 se diversifier. <\/p>\n<h2><strong>Quand cela se produira-t-il ?<\/strong><\/h2>\n<p>En ce qui concerne le calendrier, il est pr\u00e9vu d&rsquo;organiser un r\u00e9f\u00e9rendum au cours du premier semestre 2025 pour permettre aux Andorrans de d\u00e9cider s&rsquo;ils sont d&rsquo;accord ou non.<\/p>\n<p>Tout d\u00e9pend si l&rsquo;accord doit \u00eatre approuv\u00e9 uniquement par la Commission europ\u00e9enne ou par les 27 parlements des \u00c9tats membres de l&rsquo;UE. Dans ce dernier cas, la consultation devra attendre que tous les pays donnent leur accord, ce qui pourrait prendre du temps. <\/p>\n<h2><strong><img loading=\"lazy\" decoding=\"async\" class=\"aligncenter wp-image-1033 \" src=\"https:\/\/loyalbusinessconsulting.com\/wp-content\/uploads\/2025\/05\/mercado-comunitasrio-y-acuerdo-europeo.jpg\" alt=\"\" width=\"711\" height=\"474\" srcset=\"https:\/\/loyalbusinessconsulting.com\/wp-content\/uploads\/2025\/05\/mercado-comunitasrio-y-acuerdo-europeo.jpg 1000w, https:\/\/loyalbusinessconsulting.com\/wp-content\/uploads\/2025\/05\/mercado-comunitasrio-y-acuerdo-europeo-300x200.jpg 300w\" sizes=\"auto, (max-width: 711px) 100vw, 711px\" \/>Que se passera-t-il ?<\/strong><\/h2>\n<p><strong>Quant aux fameuses quatre libert\u00e9s de l&rsquo;UE, chacune d&rsquo;entre elles apportera des changements importants pour l&rsquo;Andorre :<\/strong><\/p>\n<ol>\n<li>Marchandises : le pays disposera de 30 ans pour \u00e9liminer les droits de douane sur le tabac en \u00e9change d&rsquo;une expansion des \u00e9changes avec l&rsquo;UE.<\/li>\n<li>Services : les entreprises andorranes pourront s&rsquo;\u00e9tablir plus facilement dans l&rsquo;UE, tandis que l&rsquo;Andorre ouvrira ses portes aux prestataires de services de toute l&rsquo;Europe, ce qui repr\u00e9sente un d\u00e9fi pour des secteurs tels que les t\u00e9l\u00e9communications et les associations professionnelles.<\/li>\n<li>Personnes : les privil\u00e8ges de r\u00e9sidence dont b\u00e9n\u00e9ficient actuellement les ressortissants espagnols et fran\u00e7ais seront \u00e9tendus \u00e0 tous les citoyens de l&rsquo;UE.<\/li>\n<li>Capitaux : la libre circulation des capitaux est une \u00e9tape suppl\u00e9mentaire dans l&rsquo;ouverture \u00e9conomique entam\u00e9e par l&rsquo;Andorre il y a une dizaine d&rsquo;ann\u00e9es.<\/li>\n<\/ol>\n<h2><strong>Qu&rsquo;est-ce que cela implique ?<\/strong><\/h2>\n<p>Le prix \u00e0 payer ? L&rsquo;Andorre c\u00e9dera une partie de sa souverainet\u00e9. En cas de divergence sur la mani\u00e8re d&rsquo;appliquer l&rsquo;accord, les tribunaux andorrans devront respecter les r\u00e8gles de l&rsquo;UE sous l&rsquo;autorit\u00e9 de la Cour de justice de l&rsquo;UE, sans avoir leur mot \u00e0 dire sur les changements l\u00e9gislatifs de l&rsquo;UE.  <\/p>\n<p>En bref, cet accord n&rsquo;a pas pour objet l&rsquo;adh\u00e9sion \u00e0 l&rsquo;UE, mais il constitue un pas de g\u00e9ant vers une int\u00e9gration plus pouss\u00e9e.<\/p>\n","protected":false},"excerpt":{"rendered":"<p>L&rsquo;accord d&rsquo;association entre l&rsquo;Andorre et l&rsquo;Union europ\u00e9enne (UE) est un trait\u00e9 qui promet un changement de paradigme pour la Principaut\u00e9 : elle entrerait dans une union commerciale avec l&rsquo;UE, ce qui impliquerait la libre circulation des biens, des personnes, des services et des capitaux. En contrepartie, l&rsquo;Andorre devrait adopter diverses r\u00e9glementations europ\u00e9ennes dans diff\u00e9rents secteurs&#8230;<\/p>\n","protected":false},"author":1,"featured_media":1081,"comment_status":"open","ping_status":"open","sticky":false,"template":"","format":"standard","meta":{"_acf_changed":false,"footnotes":""},"categories":[20],"tags":[],"class_list":["post-1044","post","type-post","status-publish","format-standard","has-post-thumbnail","hentry","category-loyalbusinessconsulting-fr"],"acf":[],"yoast_head":"<!-- This site is optimized with the Yoast SEO plugin v26.5 - https:\/\/yoast.com\/wordpress\/plugins\/seo\/ -->\n<title>L&#039;adh\u00e9sion d&#039;Andorre au march\u00e9 communautaire et l&#039;accord europ\u00e9en<\/title>\n<meta name=\"description\" content=\"Accord UE-Andorre : une \u00e9tape historique vers l&#039;int\u00e9gration europ\u00e9enne avec la libre circulation et des r\u00e8gles communes - d\u00e9couvrez les enjeux !\" \/>\n<meta name=\"robots\" content=\"index, follow, max-snippet:-1, max-image-preview:large, max-video-preview:-1\" \/>\n<link rel=\"canonical\" href=\"https:\/\/loyalbusinessconsulting.com\/fr\/quimplique-ladhesion-dandorre-au-marche-communautaire-et-a-laccord-europeen\/\" \/>\n<meta property=\"og:locale\" content=\"fr_FR\" \/>\n<meta property=\"og:type\" content=\"article\" \/>\n<meta property=\"og:title\" content=\"L&#039;adh\u00e9sion d&#039;Andorre au march\u00e9 communautaire et l&#039;accord europ\u00e9en\" \/>\n<meta property=\"og:description\" content=\"Accord UE-Andorre : une \u00e9tape historique vers l&#039;int\u00e9gration europ\u00e9enne avec la libre circulation et des r\u00e8gles communes - d\u00e9couvrez les enjeux !\" \/>\n<meta property=\"og:url\" content=\"https:\/\/loyalbusinessconsulting.com\/fr\/quimplique-ladhesion-dandorre-au-marche-communautaire-et-a-laccord-europeen\/\" \/>\n<meta property=\"og:site_name\" content=\"Loyal\" \/>\n<meta property=\"article:published_time\" content=\"2025-05-07T09:11:51+00:00\" \/>\n<meta property=\"og:image\" content=\"https:\/\/loyalbusinessconsulting.com\/wp-content\/uploads\/2025\/05\/union-europea-andorra.jpg\" \/>\n\t<meta property=\"og:image:width\" content=\"1000\" \/>\n\t<meta property=\"og:image:height\" content=\"721\" \/>\n\t<meta property=\"og:image:type\" content=\"image\/jpeg\" \/>\n<meta name=\"author\" content=\"Loyal\" \/>\n<meta name=\"twitter:card\" content=\"summary_large_image\" \/>\n<meta name=\"twitter:label1\" content=\"\u00c9crit par\" \/>\n\t<meta name=\"twitter:data1\" content=\"Loyal\" \/>\n\t<meta name=\"twitter:label2\" content=\"Dur\u00e9e de lecture estim\u00e9e\" \/>\n\t<meta name=\"twitter:data2\" content=\"2 minutes\" \/>\n<script type=\"application\/ld+json\" class=\"yoast-schema-graph\">{\"@context\":\"https:\/\/schema.org\",\"@graph\":[{\"@type\":\"WebPage\",\"@id\":\"https:\/\/loyalbusinessconsulting.com\/fr\/quimplique-ladhesion-dandorre-au-marche-communautaire-et-a-laccord-europeen\/\",\"url\":\"https:\/\/loyalbusinessconsulting.com\/fr\/quimplique-ladhesion-dandorre-au-marche-communautaire-et-a-laccord-europeen\/\",\"name\":\"L'adh\u00e9sion d'Andorre au march\u00e9 communautaire et l'accord europ\u00e9en\",\"isPartOf\":{\"@id\":\"https:\/\/loyalbusinessconsulting.com\/fr\/#website\"},\"primaryImageOfPage\":{\"@id\":\"https:\/\/loyalbusinessconsulting.com\/fr\/quimplique-ladhesion-dandorre-au-marche-communautaire-et-a-laccord-europeen\/#primaryimage\"},\"image\":{\"@id\":\"https:\/\/loyalbusinessconsulting.com\/fr\/quimplique-ladhesion-dandorre-au-marche-communautaire-et-a-laccord-europeen\/#primaryimage\"},\"thumbnailUrl\":\"https:\/\/loyalbusinessconsulting.com\/wp-content\/uploads\/2025\/05\/union-europea-loyal.jpg\",\"datePublished\":\"2025-05-07T09:11:51+00:00\",\"author\":{\"@id\":\"https:\/\/loyalbusinessconsulting.com\/fr\/#\/schema\/person\/4f90ddd7349c6e599b8737ef9147108c\"},\"description\":\"Accord UE-Andorre : une \u00e9tape historique vers l'int\u00e9gration europ\u00e9enne avec la libre circulation et des r\u00e8gles communes - d\u00e9couvrez les enjeux !\",\"breadcrumb\":{\"@id\":\"https:\/\/loyalbusinessconsulting.com\/fr\/quimplique-ladhesion-dandorre-au-marche-communautaire-et-a-laccord-europeen\/#breadcrumb\"},\"inLanguage\":\"fr-FR\",\"potentialAction\":[{\"@type\":\"ReadAction\",\"target\":[\"https:\/\/loyalbusinessconsulting.com\/fr\/quimplique-ladhesion-dandorre-au-marche-communautaire-et-a-laccord-europeen\/\"]}]},{\"@type\":\"ImageObject\",\"inLanguage\":\"fr-FR\",\"@id\":\"https:\/\/loyalbusinessconsulting.com\/fr\/quimplique-ladhesion-dandorre-au-marche-communautaire-et-a-laccord-europeen\/#primaryimage\",\"url\":\"https:\/\/loyalbusinessconsulting.com\/wp-content\/uploads\/2025\/05\/union-europea-loyal.jpg\",\"contentUrl\":\"https:\/\/loyalbusinessconsulting.com\/wp-content\/uploads\/2025\/05\/union-europea-loyal.jpg\",\"width\":1000,\"height\":560},{\"@type\":\"BreadcrumbList\",\"@id\":\"https:\/\/loyalbusinessconsulting.com\/fr\/quimplique-ladhesion-dandorre-au-marche-communautaire-et-a-laccord-europeen\/#breadcrumb\",\"itemListElement\":[{\"@type\":\"ListItem\",\"position\":1,\"name\":\"Portada\",\"item\":\"https:\/\/loyalbusinessconsulting.com\/fr\/accueil\/\"},{\"@type\":\"ListItem\",\"position\":2,\"name\":\"Qu&rsquo;implique l&rsquo;adh\u00e9sion d&rsquo;Andorre au march\u00e9 communautaire et \u00e0 l&rsquo;accord europ\u00e9en ?\"}]},{\"@type\":\"WebSite\",\"@id\":\"https:\/\/loyalbusinessconsulting.com\/fr\/#website\",\"url\":\"https:\/\/loyalbusinessconsulting.com\/fr\/\",\"name\":\"Loyal\",\"description\":\"\",\"potentialAction\":[{\"@type\":\"SearchAction\",\"target\":{\"@type\":\"EntryPoint\",\"urlTemplate\":\"https:\/\/loyalbusinessconsulting.com\/fr\/?s={search_term_string}\"},\"query-input\":{\"@type\":\"PropertyValueSpecification\",\"valueRequired\":true,\"valueName\":\"search_term_string\"}}],\"inLanguage\":\"fr-FR\"},{\"@type\":\"Person\",\"@id\":\"https:\/\/loyalbusinessconsulting.com\/fr\/#\/schema\/person\/4f90ddd7349c6e599b8737ef9147108c\",\"name\":\"Loyal\",\"image\":{\"@type\":\"ImageObject\",\"inLanguage\":\"fr-FR\",\"@id\":\"https:\/\/loyalbusinessconsulting.com\/fr\/#\/schema\/person\/image\/\",\"url\":\"https:\/\/secure.gravatar.com\/avatar\/21639d022dc6f08a2829c4ed5e4c98a717ca8913ca39a480ce0371f64d4754a1?s=96&d=mm&r=g\",\"contentUrl\":\"https:\/\/secure.gravatar.com\/avatar\/21639d022dc6f08a2829c4ed5e4c98a717ca8913ca39a480ce0371f64d4754a1?s=96&d=mm&r=g\",\"caption\":\"Loyal\"},\"sameAs\":[\"https:\/\/loyalbusinessconsulting.com\"],\"url\":\"https:\/\/loyalbusinessconsulting.com\/fr\/author\/loyal\/\"}]}<\/script>\n<!-- \/ Yoast SEO plugin. -->","yoast_head_json":{"title":"L'adh\u00e9sion d'Andorre au march\u00e9 communautaire et l'accord europ\u00e9en","description":"Accord UE-Andorre : une \u00e9tape historique vers l'int\u00e9gration europ\u00e9enne avec la libre circulation et des r\u00e8gles communes - d\u00e9couvrez les enjeux !","robots":{"index":"index","follow":"follow","max-snippet":"max-snippet:-1","max-image-preview":"max-image-preview:large","max-video-preview":"max-video-preview:-1"},"canonical":"https:\/\/loyalbusinessconsulting.com\/fr\/quimplique-ladhesion-dandorre-au-marche-communautaire-et-a-laccord-europeen\/","og_locale":"fr_FR","og_type":"article","og_title":"L'adh\u00e9sion d'Andorre au march\u00e9 communautaire et l'accord europ\u00e9en","og_description":"Accord UE-Andorre : une \u00e9tape historique vers l'int\u00e9gration europ\u00e9enne avec la libre circulation et des r\u00e8gles communes - d\u00e9couvrez les enjeux !","og_url":"https:\/\/loyalbusinessconsulting.com\/fr\/quimplique-ladhesion-dandorre-au-marche-communautaire-et-a-laccord-europeen\/","og_site_name":"Loyal","article_published_time":"2025-05-07T09:11:51+00:00","og_image":[{"width":1000,"height":721,"url":"https:\/\/loyalbusinessconsulting.com\/wp-content\/uploads\/2025\/05\/union-europea-andorra.jpg","type":"image\/jpeg"}],"author":"Loyal","twitter_card":"summary_large_image","twitter_misc":{"\u00c9crit par":"Loyal","Dur\u00e9e de lecture estim\u00e9e":"2 minutes"},"schema":{"@context":"https:\/\/schema.org","@graph":[{"@type":"WebPage","@id":"https:\/\/loyalbusinessconsulting.com\/fr\/quimplique-ladhesion-dandorre-au-marche-communautaire-et-a-laccord-europeen\/","url":"https:\/\/loyalbusinessconsulting.com\/fr\/quimplique-ladhesion-dandorre-au-marche-communautaire-et-a-laccord-europeen\/","name":"L'adh\u00e9sion d'Andorre au march\u00e9 communautaire et l'accord europ\u00e9en","isPartOf":{"@id":"https:\/\/loyalbusinessconsulting.com\/fr\/#website"},"primaryImageOfPage":{"@id":"https:\/\/loyalbusinessconsulting.com\/fr\/quimplique-ladhesion-dandorre-au-marche-communautaire-et-a-laccord-europeen\/#primaryimage"},"image":{"@id":"https:\/\/loyalbusinessconsulting.com\/fr\/quimplique-ladhesion-dandorre-au-marche-communautaire-et-a-laccord-europeen\/#primaryimage"},"thumbnailUrl":"https:\/\/loyalbusinessconsulting.com\/wp-content\/uploads\/2025\/05\/union-europea-loyal.jpg","datePublished":"2025-05-07T09:11:51+00:00","author":{"@id":"https:\/\/loyalbusinessconsulting.com\/fr\/#\/schema\/person\/4f90ddd7349c6e599b8737ef9147108c"},"description":"Accord UE-Andorre : une \u00e9tape historique vers l'int\u00e9gration europ\u00e9enne avec la libre circulation et des r\u00e8gles communes - d\u00e9couvrez les enjeux !","breadcrumb":{"@id":"https:\/\/loyalbusinessconsulting.com\/fr\/quimplique-ladhesion-dandorre-au-marche-communautaire-et-a-laccord-europeen\/#breadcrumb"},"inLanguage":"fr-FR","potentialAction":[{"@type":"ReadAction","target":["https:\/\/loyalbusinessconsulting.com\/fr\/quimplique-ladhesion-dandorre-au-marche-communautaire-et-a-laccord-europeen\/"]}]},{"@type":"ImageObject","inLanguage":"fr-FR","@id":"https:\/\/loyalbusinessconsulting.com\/fr\/quimplique-ladhesion-dandorre-au-marche-communautaire-et-a-laccord-europeen\/#primaryimage","url":"https:\/\/loyalbusinessconsulting.com\/wp-content\/uploads\/2025\/05\/union-europea-loyal.jpg","contentUrl":"https:\/\/loyalbusinessconsulting.com\/wp-content\/uploads\/2025\/05\/union-europea-loyal.jpg","width":1000,"height":560},{"@type":"BreadcrumbList","@id":"https:\/\/loyalbusinessconsulting.com\/fr\/quimplique-ladhesion-dandorre-au-marche-communautaire-et-a-laccord-europeen\/#breadcrumb","itemListElement":[{"@type":"ListItem","position":1,"name":"Portada","item":"https:\/\/loyalbusinessconsulting.com\/fr\/accueil\/"},{"@type":"ListItem","position":2,"name":"Qu&rsquo;implique l&rsquo;adh\u00e9sion d&rsquo;Andorre au march\u00e9 communautaire et \u00e0 l&rsquo;accord europ\u00e9en ?"}]},{"@type":"WebSite","@id":"https:\/\/loyalbusinessconsulting.com\/fr\/#website","url":"https:\/\/loyalbusinessconsulting.com\/fr\/","name":"Loyal","description":"","potentialAction":[{"@type":"SearchAction","target":{"@type":"EntryPoint","urlTemplate":"https:\/\/loyalbusinessconsulting.com\/fr\/?s={search_term_string}"},"query-input":{"@type":"PropertyValueSpecification","valueRequired":true,"valueName":"search_term_string"}}],"inLanguage":"fr-FR"},{"@type":"Person","@id":"https:\/\/loyalbusinessconsulting.com\/fr\/#\/schema\/person\/4f90ddd7349c6e599b8737ef9147108c","name":"Loyal","image":{"@type":"ImageObject","inLanguage":"fr-FR","@id":"https:\/\/loyalbusinessconsulting.com\/fr\/#\/schema\/person\/image\/","url":"https:\/\/secure.gravatar.com\/avatar\/21639d022dc6f08a2829c4ed5e4c98a717ca8913ca39a480ce0371f64d4754a1?s=96&d=mm&r=g","contentUrl":"https:\/\/secure.gravatar.com\/avatar\/21639d022dc6f08a2829c4ed5e4c98a717ca8913ca39a480ce0371f64d4754a1?s=96&d=mm&r=g","caption":"Loyal"},"sameAs":["https:\/\/loyalbusinessconsulting.com"],"url":"https:\/\/loyalbusinessconsulting.com\/fr\/author\/loyal\/"}]}},"_links":{"self":[{"href":"https:\/\/loyalbusinessconsulting.com\/fr\/wp-json\/wp\/v2\/posts\/1044","targetHints":{"allow":["GET"]}}],"collection":[{"href":"https:\/\/loyalbusinessconsulting.com\/fr\/wp-json\/wp\/v2\/posts"}],"about":[{"href":"https:\/\/loyalbusinessconsulting.com\/fr\/wp-json\/wp\/v2\/types\/post"}],"author":[{"embeddable":true,"href":"https:\/\/loyalbusinessconsulting.com\/fr\/wp-json\/wp\/v2\/users\/1"}],"replies":[{"embeddable":true,"href":"https:\/\/loyalbusinessconsulting.com\/fr\/wp-json\/wp\/v2\/comments?post=1044"}],"version-history":[{"count":0,"href":"https:\/\/loyalbusinessconsulting.com\/fr\/wp-json\/wp\/v2\/posts\/1044\/revisions"}],"wp:featuredmedia":[{"embeddable":true,"href":"https:\/\/loyalbusinessconsulting.com\/fr\/wp-json\/wp\/v2\/media\/1081"}],"wp:attachment":[{"href":"https:\/\/loyalbusinessconsulting.com\/fr\/wp-json\/wp\/v2\/media?parent=1044"}],"wp:term":[{"taxonomy":"category","embeddable":true,"href":"https:\/\/loyalbusinessconsulting.com\/fr\/wp-json\/wp\/v2\/categories?post=1044"},{"taxonomy":"post_tag","embeddable":true,"href":"https:\/\/loyalbusinessconsulting.com\/fr\/wp-json\/wp\/v2\/tags?post=1044"}],"curies":[{"name":"wp","href":"https:\/\/api.w.org\/{rel}","templated":true}]}}