{"id":1042,"date":"2025-05-07T11:11:51","date_gmt":"2025-05-07T09:11:51","guid":{"rendered":"https:\/\/loyalbusinessconsulting.com\/que-implica-la-incorporacio-dandorra-al-mercat-comunitari-ia-lacord-europeu\/"},"modified":"2025-05-07T11:11:51","modified_gmt":"2025-05-07T09:11:51","slug":"que-implica-la-incorporacio-dandorra-al-mercat-comunitari-ia-lacord-europeu","status":"publish","type":"post","link":"https:\/\/loyalbusinessconsulting.com\/ca\/que-implica-la-incorporacio-dandorra-al-mercat-comunitari-ia-lacord-europeu\/","title":{"rendered":"Qu\u00e8 implica la incorporaci\u00f3 d&#8217;Andorra al Mercat Comunitari ia l&#8217;Acord Europeu?"},"content":{"rendered":"<p>L&#8217;acord d&#8217;associaci\u00f3 entre Andorra i la Uni\u00f3 Europea (UE) \u00e9s un tractat que promet un canvi de paradigma per al Principat: entraria en una uni\u00f3 comercial amb la UE, cosa que implicaria la lliure circulaci\u00f3 de b\u00e9ns, persones, serveis i capitals. A canvi, Andorra hauria d&#8217;adoptar diverses normatives de la UE en diferents sectors 25 annexos en total! Per a alguns, aquest acord \u00e9s tan transcendental que el comparen amb la mateixa creaci\u00f3 de l&#8217;Estat andorr\u00e0.  <\/p>\n<p><!--more--><\/p>\n<p>El Govern d&#8217;Andorra veu aquesta associaci\u00f3 com a oportunitat \u00fanica per diversificar una economia molt centrada en el turisme i el comer\u00e7. Sense una harmonitzaci\u00f3 de les lleis andorranes amb les europees, afirmen, l&#8217;economia dif\u00edcilment es podria expandir i diversificar. <\/p>\n<h2><strong>Quan passar\u00e0?<\/strong><\/h2>\n<p>Pel que fa als terminis, hi ha plans de fer un refer\u00e8ndum el primer semestre del 2025 perqu\u00e8 els andorrans decideixin si estan d&#8217;acord o no.<\/p>\n<p>Tot dep\u00e8n de si l&#8217;acord nom\u00e9s necessita el vistiplau de la Comissi\u00f3 Europea o tamb\u00e9 l&#8217;aprovaci\u00f3 dels 27 parlaments dels estats membres de la UE. Si \u00e9s el segon, la consulta haur\u00e0 d&#8217;esperar fins que tots els pa\u00efsos donin la seva aprovaci\u00f3, un proc\u00e9s que podria trigar temps. <\/p>\n<h2><strong><img loading=\"lazy\" decoding=\"async\" class=\"aligncenter wp-image-1033 \" src=\"https:\/\/loyalbusinessconsulting.com\/wp-content\/uploads\/2025\/05\/mercado-comunitasrio-y-acuerdo-europeo.jpg\" alt=\"\" width=\"711\" height=\"474\" srcset=\"https:\/\/loyalbusinessconsulting.com\/wp-content\/uploads\/2025\/05\/mercado-comunitasrio-y-acuerdo-europeo.jpg 1000w, https:\/\/loyalbusinessconsulting.com\/wp-content\/uploads\/2025\/05\/mercado-comunitasrio-y-acuerdo-europeo-300x200.jpg 300w\" sizes=\"auto, (max-width: 711px) 100vw, 711px\" \/>Qu\u00e8 passar\u00e0?<\/strong><\/h2>\n<p><strong>Pel que fa a les famoses quatre llibertats de la UE, cadascuna portar\u00e0 canvis importants per a Andorra:<\/strong><\/p>\n<ol>\n<li>Mercaderies: el pa\u00eds tindr\u00e0 30 anys per eliminar els aranzels sobre el tabac a canvi d?ampliar el comer\u00e7 amb la UE.<\/li>\n<li>Serveis: les empreses andorranes podran establir-se a la UE amb m\u00e9s facilitat, mentre que Andorra obrir\u00e0 les portes a prestadors de serveis de tot Europa, la qual cosa \u00e9s un desafiament per a sectors com el de telecomunicacions i els col\u00b7legis professionals.<\/li>\n<li>Persones: els privilegis de resid\u00e8ncia que actualment gaudeixen espanyols i francesos s&#8217;estendran a tots els ciutadans de la UE.<\/li>\n<li>Capitals: la lliure circulaci\u00f3 de capitals implica un pas m\u00e9s a l&#8217;obertura econ\u00f2mica que Andorra va iniciar fa una d\u00e8cada.<\/li>\n<\/ol>\n<h2><strong>Qu\u00e8 implica?<\/strong><\/h2>\n<p>\u00bf El preu que s&#8217;ha de pagar? Andorra cedir\u00e0 part de la seva sobirania.  <\/p>\n<p>En resum, aquest acord no \u00e9s entrar a la UE, per\u00f2 s\u00ed que \u00e9s un pas gegant cap a una integraci\u00f3 m\u00e9s profunda.<\/p>\n","protected":false},"excerpt":{"rendered":"<p>L&#8217;acord d&#8217;associaci\u00f3 entre Andorra i la Uni\u00f3 Europea (UE) \u00e9s un tractat que promet un canvi de paradigma per al Principat: entraria en una uni\u00f3 comercial amb la UE, cosa que implicaria la lliure circulaci\u00f3 de b\u00e9ns, persones, serveis i capitals. A canvi, Andorra hauria d&#8217;adoptar diverses normatives de la UE en diferents sectors 25&#8230;<\/p>\n","protected":false},"author":1,"featured_media":1079,"comment_status":"open","ping_status":"open","sticky":false,"template":"","format":"standard","meta":{"_acf_changed":false,"footnotes":""},"categories":[18],"tags":[],"class_list":["post-1042","post","type-post","status-publish","format-standard","has-post-thumbnail","hentry","category-loyalbusinessconsulting-ca"],"acf":[],"yoast_head":"<!-- This site is optimized with the Yoast SEO plugin v26.5 - https:\/\/yoast.com\/wordpress\/plugins\/seo\/ -->\n<title>Incorporaci\u00f3 d&#039;Andorra al Mercat Comunitari ia l&#039;Acord Europeu<\/title>\n<meta name=\"description\" content=\"Acord UE-Andorra: un pas hist\u00f2ric cap a la integraci\u00f3 europea amb lliure circulaci\u00f3 i normatives comunes. Descobreix qu\u00e8 hi ha en joc!\" \/>\n<meta name=\"robots\" content=\"index, follow, max-snippet:-1, max-image-preview:large, max-video-preview:-1\" \/>\n<link rel=\"canonical\" href=\"https:\/\/loyalbusinessconsulting.com\/ca\/que-implica-la-incorporacio-dandorra-al-mercat-comunitari-ia-lacord-europeu\/\" \/>\n<meta property=\"og:locale\" content=\"ca_ES\" \/>\n<meta property=\"og:type\" content=\"article\" \/>\n<meta property=\"og:title\" content=\"Incorporaci\u00f3 d&#039;Andorra al Mercat Comunitari ia l&#039;Acord Europeu\" \/>\n<meta property=\"og:description\" content=\"Acord UE-Andorra: un pas hist\u00f2ric cap a la integraci\u00f3 europea amb lliure circulaci\u00f3 i normatives comunes. Descobreix qu\u00e8 hi ha en joc!\" \/>\n<meta property=\"og:url\" content=\"https:\/\/loyalbusinessconsulting.com\/ca\/que-implica-la-incorporacio-dandorra-al-mercat-comunitari-ia-lacord-europeu\/\" \/>\n<meta property=\"og:site_name\" content=\"Loyal\" \/>\n<meta property=\"article:published_time\" content=\"2025-05-07T09:11:51+00:00\" \/>\n<meta property=\"og:image\" content=\"https:\/\/loyalbusinessconsulting.com\/wp-content\/uploads\/2025\/05\/union-europea-andorra.jpg\" \/>\n\t<meta property=\"og:image:width\" content=\"1000\" \/>\n\t<meta property=\"og:image:height\" content=\"721\" \/>\n\t<meta property=\"og:image:type\" content=\"image\/jpeg\" \/>\n<meta name=\"author\" content=\"Loyal\" \/>\n<meta name=\"twitter:card\" content=\"summary_large_image\" \/>\n<meta name=\"twitter:label1\" content=\"Escrit per\" \/>\n\t<meta name=\"twitter:data1\" content=\"Loyal\" \/>\n\t<meta name=\"twitter:label2\" content=\"Temps estimat de lectura\" \/>\n\t<meta name=\"twitter:data2\" content=\"2 minuts\" \/>\n<script type=\"application\/ld+json\" class=\"yoast-schema-graph\">{\"@context\":\"https:\/\/schema.org\",\"@graph\":[{\"@type\":\"WebPage\",\"@id\":\"https:\/\/loyalbusinessconsulting.com\/ca\/que-implica-la-incorporacio-dandorra-al-mercat-comunitari-ia-lacord-europeu\/\",\"url\":\"https:\/\/loyalbusinessconsulting.com\/ca\/que-implica-la-incorporacio-dandorra-al-mercat-comunitari-ia-lacord-europeu\/\",\"name\":\"Incorporaci\u00f3 d'Andorra al Mercat Comunitari ia l'Acord Europeu\",\"isPartOf\":{\"@id\":\"https:\/\/loyalbusinessconsulting.com\/ca\/#website\"},\"primaryImageOfPage\":{\"@id\":\"https:\/\/loyalbusinessconsulting.com\/ca\/que-implica-la-incorporacio-dandorra-al-mercat-comunitari-ia-lacord-europeu\/#primaryimage\"},\"image\":{\"@id\":\"https:\/\/loyalbusinessconsulting.com\/ca\/que-implica-la-incorporacio-dandorra-al-mercat-comunitari-ia-lacord-europeu\/#primaryimage\"},\"thumbnailUrl\":\"https:\/\/loyalbusinessconsulting.com\/wp-content\/uploads\/2025\/05\/union-europea-loyal.jpg\",\"datePublished\":\"2025-05-07T09:11:51+00:00\",\"author\":{\"@id\":\"https:\/\/loyalbusinessconsulting.com\/ca\/#\/schema\/person\/4f90ddd7349c6e599b8737ef9147108c\"},\"description\":\"Acord UE-Andorra: un pas hist\u00f2ric cap a la integraci\u00f3 europea amb lliure circulaci\u00f3 i normatives comunes. Descobreix qu\u00e8 hi ha en joc!\",\"breadcrumb\":{\"@id\":\"https:\/\/loyalbusinessconsulting.com\/ca\/que-implica-la-incorporacio-dandorra-al-mercat-comunitari-ia-lacord-europeu\/#breadcrumb\"},\"inLanguage\":\"ca\",\"potentialAction\":[{\"@type\":\"ReadAction\",\"target\":[\"https:\/\/loyalbusinessconsulting.com\/ca\/que-implica-la-incorporacio-dandorra-al-mercat-comunitari-ia-lacord-europeu\/\"]}]},{\"@type\":\"ImageObject\",\"inLanguage\":\"ca\",\"@id\":\"https:\/\/loyalbusinessconsulting.com\/ca\/que-implica-la-incorporacio-dandorra-al-mercat-comunitari-ia-lacord-europeu\/#primaryimage\",\"url\":\"https:\/\/loyalbusinessconsulting.com\/wp-content\/uploads\/2025\/05\/union-europea-loyal.jpg\",\"contentUrl\":\"https:\/\/loyalbusinessconsulting.com\/wp-content\/uploads\/2025\/05\/union-europea-loyal.jpg\",\"width\":1000,\"height\":560},{\"@type\":\"BreadcrumbList\",\"@id\":\"https:\/\/loyalbusinessconsulting.com\/ca\/que-implica-la-incorporacio-dandorra-al-mercat-comunitari-ia-lacord-europeu\/#breadcrumb\",\"itemListElement\":[{\"@type\":\"ListItem\",\"position\":1,\"name\":\"Portada\",\"item\":\"https:\/\/loyalbusinessconsulting.com\/ca\/inici\/\"},{\"@type\":\"ListItem\",\"position\":2,\"name\":\"Qu\u00e8 implica la incorporaci\u00f3 d&#8217;Andorra al Mercat Comunitari ia l&#8217;Acord Europeu?\"}]},{\"@type\":\"WebSite\",\"@id\":\"https:\/\/loyalbusinessconsulting.com\/ca\/#website\",\"url\":\"https:\/\/loyalbusinessconsulting.com\/ca\/\",\"name\":\"Loyal\",\"description\":\"\",\"potentialAction\":[{\"@type\":\"SearchAction\",\"target\":{\"@type\":\"EntryPoint\",\"urlTemplate\":\"https:\/\/loyalbusinessconsulting.com\/ca\/?s={search_term_string}\"},\"query-input\":{\"@type\":\"PropertyValueSpecification\",\"valueRequired\":true,\"valueName\":\"search_term_string\"}}],\"inLanguage\":\"ca\"},{\"@type\":\"Person\",\"@id\":\"https:\/\/loyalbusinessconsulting.com\/ca\/#\/schema\/person\/4f90ddd7349c6e599b8737ef9147108c\",\"name\":\"Loyal\",\"image\":{\"@type\":\"ImageObject\",\"inLanguage\":\"ca\",\"@id\":\"https:\/\/loyalbusinessconsulting.com\/ca\/#\/schema\/person\/image\/\",\"url\":\"https:\/\/secure.gravatar.com\/avatar\/21639d022dc6f08a2829c4ed5e4c98a717ca8913ca39a480ce0371f64d4754a1?s=96&d=mm&r=g\",\"contentUrl\":\"https:\/\/secure.gravatar.com\/avatar\/21639d022dc6f08a2829c4ed5e4c98a717ca8913ca39a480ce0371f64d4754a1?s=96&d=mm&r=g\",\"caption\":\"Loyal\"},\"sameAs\":[\"https:\/\/loyalbusinessconsulting.com\"],\"url\":\"https:\/\/loyalbusinessconsulting.com\/ca\/author\/loyal\/\"}]}<\/script>\n<!-- \/ Yoast SEO plugin. -->","yoast_head_json":{"title":"Incorporaci\u00f3 d'Andorra al Mercat Comunitari ia l'Acord Europeu","description":"Acord UE-Andorra: un pas hist\u00f2ric cap a la integraci\u00f3 europea amb lliure circulaci\u00f3 i normatives comunes. Descobreix qu\u00e8 hi ha en joc!","robots":{"index":"index","follow":"follow","max-snippet":"max-snippet:-1","max-image-preview":"max-image-preview:large","max-video-preview":"max-video-preview:-1"},"canonical":"https:\/\/loyalbusinessconsulting.com\/ca\/que-implica-la-incorporacio-dandorra-al-mercat-comunitari-ia-lacord-europeu\/","og_locale":"ca_ES","og_type":"article","og_title":"Incorporaci\u00f3 d'Andorra al Mercat Comunitari ia l'Acord Europeu","og_description":"Acord UE-Andorra: un pas hist\u00f2ric cap a la integraci\u00f3 europea amb lliure circulaci\u00f3 i normatives comunes. Descobreix qu\u00e8 hi ha en joc!","og_url":"https:\/\/loyalbusinessconsulting.com\/ca\/que-implica-la-incorporacio-dandorra-al-mercat-comunitari-ia-lacord-europeu\/","og_site_name":"Loyal","article_published_time":"2025-05-07T09:11:51+00:00","og_image":[{"width":1000,"height":721,"url":"https:\/\/loyalbusinessconsulting.com\/wp-content\/uploads\/2025\/05\/union-europea-andorra.jpg","type":"image\/jpeg"}],"author":"Loyal","twitter_card":"summary_large_image","twitter_misc":{"Escrit per":"Loyal","Temps estimat de lectura":"2 minuts"},"schema":{"@context":"https:\/\/schema.org","@graph":[{"@type":"WebPage","@id":"https:\/\/loyalbusinessconsulting.com\/ca\/que-implica-la-incorporacio-dandorra-al-mercat-comunitari-ia-lacord-europeu\/","url":"https:\/\/loyalbusinessconsulting.com\/ca\/que-implica-la-incorporacio-dandorra-al-mercat-comunitari-ia-lacord-europeu\/","name":"Incorporaci\u00f3 d'Andorra al Mercat Comunitari ia l'Acord Europeu","isPartOf":{"@id":"https:\/\/loyalbusinessconsulting.com\/ca\/#website"},"primaryImageOfPage":{"@id":"https:\/\/loyalbusinessconsulting.com\/ca\/que-implica-la-incorporacio-dandorra-al-mercat-comunitari-ia-lacord-europeu\/#primaryimage"},"image":{"@id":"https:\/\/loyalbusinessconsulting.com\/ca\/que-implica-la-incorporacio-dandorra-al-mercat-comunitari-ia-lacord-europeu\/#primaryimage"},"thumbnailUrl":"https:\/\/loyalbusinessconsulting.com\/wp-content\/uploads\/2025\/05\/union-europea-loyal.jpg","datePublished":"2025-05-07T09:11:51+00:00","author":{"@id":"https:\/\/loyalbusinessconsulting.com\/ca\/#\/schema\/person\/4f90ddd7349c6e599b8737ef9147108c"},"description":"Acord UE-Andorra: un pas hist\u00f2ric cap a la integraci\u00f3 europea amb lliure circulaci\u00f3 i normatives comunes. Descobreix qu\u00e8 hi ha en joc!","breadcrumb":{"@id":"https:\/\/loyalbusinessconsulting.com\/ca\/que-implica-la-incorporacio-dandorra-al-mercat-comunitari-ia-lacord-europeu\/#breadcrumb"},"inLanguage":"ca","potentialAction":[{"@type":"ReadAction","target":["https:\/\/loyalbusinessconsulting.com\/ca\/que-implica-la-incorporacio-dandorra-al-mercat-comunitari-ia-lacord-europeu\/"]}]},{"@type":"ImageObject","inLanguage":"ca","@id":"https:\/\/loyalbusinessconsulting.com\/ca\/que-implica-la-incorporacio-dandorra-al-mercat-comunitari-ia-lacord-europeu\/#primaryimage","url":"https:\/\/loyalbusinessconsulting.com\/wp-content\/uploads\/2025\/05\/union-europea-loyal.jpg","contentUrl":"https:\/\/loyalbusinessconsulting.com\/wp-content\/uploads\/2025\/05\/union-europea-loyal.jpg","width":1000,"height":560},{"@type":"BreadcrumbList","@id":"https:\/\/loyalbusinessconsulting.com\/ca\/que-implica-la-incorporacio-dandorra-al-mercat-comunitari-ia-lacord-europeu\/#breadcrumb","itemListElement":[{"@type":"ListItem","position":1,"name":"Portada","item":"https:\/\/loyalbusinessconsulting.com\/ca\/inici\/"},{"@type":"ListItem","position":2,"name":"Qu\u00e8 implica la incorporaci\u00f3 d&#8217;Andorra al Mercat Comunitari ia l&#8217;Acord Europeu?"}]},{"@type":"WebSite","@id":"https:\/\/loyalbusinessconsulting.com\/ca\/#website","url":"https:\/\/loyalbusinessconsulting.com\/ca\/","name":"Loyal","description":"","potentialAction":[{"@type":"SearchAction","target":{"@type":"EntryPoint","urlTemplate":"https:\/\/loyalbusinessconsulting.com\/ca\/?s={search_term_string}"},"query-input":{"@type":"PropertyValueSpecification","valueRequired":true,"valueName":"search_term_string"}}],"inLanguage":"ca"},{"@type":"Person","@id":"https:\/\/loyalbusinessconsulting.com\/ca\/#\/schema\/person\/4f90ddd7349c6e599b8737ef9147108c","name":"Loyal","image":{"@type":"ImageObject","inLanguage":"ca","@id":"https:\/\/loyalbusinessconsulting.com\/ca\/#\/schema\/person\/image\/","url":"https:\/\/secure.gravatar.com\/avatar\/21639d022dc6f08a2829c4ed5e4c98a717ca8913ca39a480ce0371f64d4754a1?s=96&d=mm&r=g","contentUrl":"https:\/\/secure.gravatar.com\/avatar\/21639d022dc6f08a2829c4ed5e4c98a717ca8913ca39a480ce0371f64d4754a1?s=96&d=mm&r=g","caption":"Loyal"},"sameAs":["https:\/\/loyalbusinessconsulting.com"],"url":"https:\/\/loyalbusinessconsulting.com\/ca\/author\/loyal\/"}]}},"_links":{"self":[{"href":"https:\/\/loyalbusinessconsulting.com\/ca\/wp-json\/wp\/v2\/posts\/1042","targetHints":{"allow":["GET"]}}],"collection":[{"href":"https:\/\/loyalbusinessconsulting.com\/ca\/wp-json\/wp\/v2\/posts"}],"about":[{"href":"https:\/\/loyalbusinessconsulting.com\/ca\/wp-json\/wp\/v2\/types\/post"}],"author":[{"embeddable":true,"href":"https:\/\/loyalbusinessconsulting.com\/ca\/wp-json\/wp\/v2\/users\/1"}],"replies":[{"embeddable":true,"href":"https:\/\/loyalbusinessconsulting.com\/ca\/wp-json\/wp\/v2\/comments?post=1042"}],"version-history":[{"count":0,"href":"https:\/\/loyalbusinessconsulting.com\/ca\/wp-json\/wp\/v2\/posts\/1042\/revisions"}],"wp:featuredmedia":[{"embeddable":true,"href":"https:\/\/loyalbusinessconsulting.com\/ca\/wp-json\/wp\/v2\/media\/1079"}],"wp:attachment":[{"href":"https:\/\/loyalbusinessconsulting.com\/ca\/wp-json\/wp\/v2\/media?parent=1042"}],"wp:term":[{"taxonomy":"category","embeddable":true,"href":"https:\/\/loyalbusinessconsulting.com\/ca\/wp-json\/wp\/v2\/categories?post=1042"},{"taxonomy":"post_tag","embeddable":true,"href":"https:\/\/loyalbusinessconsulting.com\/ca\/wp-json\/wp\/v2\/tags?post=1042"}],"curies":[{"name":"wp","href":"https:\/\/api.w.org\/{rel}","templated":true}]}}